{"id":9403,"date":"2020-02-17T01:38:23","date_gmt":"2020-02-17T00:38:23","guid":{"rendered":"http:\/\/vivaba.com\/?p=9403"},"modified":"2020-02-17T20:45:42","modified_gmt":"2020-02-17T19:45:42","slug":"poziv-autorima-za-ucesce-viva-film-festival-2020","status":"publish","type":"post","link":"https:\/\/vivaba.com\/?p=9403","title":{"rendered":"Poziv autorima za u\u010de\u0161\u0107e &#8211; Viva film festival 2020"},"content":{"rendered":"\n<figure class=\"wp-block-image size-large\"><img fetchpriority=\"high\" decoding=\"async\" width=\"1028\" height=\"575\" src=\"https:\/\/vivaba.com\/wp-content\/uploads\/2020\/02\/1.jpg\" alt=\"\" class=\"wp-image-9404\" srcset=\"https:\/\/vivaba.com\/wp-content\/uploads\/2020\/02\/1.jpg 1028w, https:\/\/vivaba.com\/wp-content\/uploads\/2020\/02\/1-768x430.jpg 768w, https:\/\/vivaba.com\/wp-content\/uploads\/2020\/02\/1-921x515.jpg 921w\" sizes=\"(max-width: 1028px) 100vw, 1028px\" \/><\/figure>\n\n\n<p><span style=\"color: #222222;\"><span lang=\"bs-BA\"><b>VI me\u0111unarodni VIVA FILM FESTIVAL ove godine \u0107e se odr\u017eati od 16.09. do 20.09. 2020.<\/b><\/span><\/span><\/p>\n<p align=\"JUSTIFY\"><span style=\"color: #222222;\">\u201c\u010cast nam je i veliko zadovoljstvo pozvati Vas na predstoje\u0107i 6. Internacionalni festival dokumentarnog i kratkog igranog filma <\/span><span style=\"color: #222222;\"><b>VIVA FILM FESTIVAL 2020.<\/b><\/span><span style=\"color: #222222;\">, koji \u0107e se ove godine odr\u017eavati u Sarajevu i u jo\u0161 17 gradova Bosne i Hercegovine.<\/span><\/p>\n<p align=\"JUSTIFY\"><span style=\"color: #222222;\">Pozivamo sve filmske umjetnike da po\u0161alju svoje filmove, kako bismo i ove godine zajedno dijelili ideje i \u0161irili vidike.\u201d, poru\u010duje direkcija Festivala.<\/span><\/p>\n<p align=\"JUSTIFY\"><\/p>\n\n\n<figure class=\"wp-block-image size-large\"><img decoding=\"async\" width=\"2189\" height=\"821\" src=\"https:\/\/vivaba.com\/wp-content\/uploads\/2020\/02\/5.jpg\" alt=\"\" class=\"wp-image-9406\" srcset=\"https:\/\/vivaba.com\/wp-content\/uploads\/2020\/02\/5.jpg 2189w, https:\/\/vivaba.com\/wp-content\/uploads\/2020\/02\/5-768x288.jpg 768w, https:\/\/vivaba.com\/wp-content\/uploads\/2020\/02\/5-1536x576.jpg 1536w, https:\/\/vivaba.com\/wp-content\/uploads\/2020\/02\/5-2048x768.jpg 2048w, https:\/\/vivaba.com\/wp-content\/uploads\/2020\/02\/5-1140x428.jpg 1140w\" sizes=\"(max-width: 2189px) 100vw, 2189px\" \/><\/figure>\n\n\n\n<p><strong>&#8220;<\/strong>O\u010dekujemo predstavnike 30-tak zemalja sa preko 60 filmova iz svih kategorija,&nbsp;<br>a filmovi, koji budu izabrani u oficijalnu selekciju bi\u0107e prikazani za 4 dana festivala u svim gradovima &#8211; u isto vrijeme.<\/p>\n\n\n\n<p>I ove godine autori \u0107e se takmi\u010diti za presti\u017ene nagrade u 4. kategorije:<\/p>\n\n\n\n<p><strong>&#8211; Religija&nbsp;<\/strong>(filmovi koji svojom tematikom promovi\u0161u specifi\u010dnosti religije, a u cilju zbli\u017eavanja, razumijevanja i me\u0111ureligijske tolerancije);<\/p>\n\n\n\n<p><strong>&#8211; Ekologija&nbsp;<\/strong>(filmovi koji svojom tematikom promovi\u0161u prirodnu ba\u0161tinu zemalja iz kojih dolaze u cilju podsticanja razvoja ekolo\u0161ke svijesti);<\/p>\n\n\n\n<p><strong>&#8211; Turizam&nbsp;<\/strong>(filmovi koji svojom tematikom promovi\u0161u turisti\u010dke potencijale dr\u017eava iz kojih dolaze).<\/p>\n\n\n\n<p><strong>&#8211; Omladinski BiH&nbsp;<\/strong>( Filmovi koje su proizveli omladinci iz Bh osnovnih i srednjih \u0161kola u sklopu Viva \u0161kole filma: od ideje do realizacije).<\/p>\n\n\n\n<p>Bila bi nam \u010dast vidjeti filmove iz va\u0161e produkcije odnosno Va\u0161e zemlje na ovogodi\u0161njem 6. VIVA FILM FESTIVAL-u. &#8221; &#8211; isti\u010de filmski reditelj Ratko Orozovi\u0107, umjetni\u010dki direktor festivala.<\/p>\n\n\n\n<figure class=\"wp-block-image size-large\"><img decoding=\"async\" width=\"827\" height=\"827\" src=\"https:\/\/vivaba.com\/wp-content\/uploads\/2020\/02\/3.jpg\" alt=\"\" class=\"wp-image-9405\" srcset=\"https:\/\/vivaba.com\/wp-content\/uploads\/2020\/02\/3.jpg 827w, https:\/\/vivaba.com\/wp-content\/uploads\/2020\/02\/3-768x768.jpg 768w, https:\/\/vivaba.com\/wp-content\/uploads\/2020\/02\/3-515x515.jpg 515w\" sizes=\"(max-width: 827px) 100vw, 827px\" \/><\/figure>\n\n\n\n<p><strong>Rok za dostavu filmova i prijava je 30.04.2020. godine.<\/strong><\/p>\n\n\n\n<p><strong>Rezultati oficijalne selekcije bit \u0107e objavljeni najkasnije do 31.05.2020. godine<\/strong>.<\/p>\n\n\n\n<p><strong>Sve op\u0161irnije informacije o Festivalu kao i prijavu i akreditacioni list, mo\u017eete prona\u0107i na na\u0161oj web adresi:&nbsp;<a rel=\"noreferrer noopener\" href=\"http:\/\/www.vivaba.com\/\" target=\"_blank\">http:\/\/www.vivaba.com\/<\/a><\/strong><\/p>\n\n\n\n<figure class=\"wp-block-image size-large\"><img loading=\"lazy\" decoding=\"async\" width=\"923\" height=\"545\" src=\"https:\/\/vivaba.com\/wp-content\/uploads\/2020\/02\/4.jpg\" alt=\"\" class=\"wp-image-9407\" srcset=\"https:\/\/vivaba.com\/wp-content\/uploads\/2020\/02\/4.jpg 923w, https:\/\/vivaba.com\/wp-content\/uploads\/2020\/02\/4-768x453.jpg 768w, https:\/\/vivaba.com\/wp-content\/uploads\/2020\/02\/4-872x515.jpg 872w\" sizes=\"(max-width: 923px) 100vw, 923px\" \/><\/figure>\n\n\n\n<figure class=\"wp-block-image size-large\"><img loading=\"lazy\" decoding=\"async\" width=\"830\" height=\"471\" src=\"https:\/\/vivaba.com\/wp-content\/uploads\/2020\/02\/6.jpg\" alt=\"\" class=\"wp-image-9408\" srcset=\"https:\/\/vivaba.com\/wp-content\/uploads\/2020\/02\/6.jpg 830w, https:\/\/vivaba.com\/wp-content\/uploads\/2020\/02\/6-768x436.jpg 768w\" sizes=\"(max-width: 830px) 100vw, 830px\" \/><\/figure>\n\n\n\n<figure class=\"wp-block-embed-youtube wp-block-embed is-type-video is-provider-youtube wp-embed-aspect-16-9 wp-has-aspect-ratio\"><div class=\"wp-block-embed__wrapper\">\n<iframe title=\"VIVA FILM FESTIVAL - OPEN CALL 2020\" width=\"1140\" height=\"641\" src=\"https:\/\/www.youtube.com\/embed\/FcqT8mpScpM?feature=oembed\" frameborder=\"0\" allow=\"accelerometer; autoplay; encrypted-media; gyroscope; picture-in-picture\" allowfullscreen><\/iframe>\n<\/div><\/figure>\n","protected":false},"excerpt":{"rendered":"<p>VI me\u0111unarodni VIVA FILM FESTIVAL ove godine \u0107e se odr\u017eati od 16.09. do 20.09. 2020. \u201c\u010cast nam je i veliko zadovoljstvo pozvati Vas na predstoje\u0107i 6. Internacionalni festival dokumentarnog i kratkog igranog filma VIVA FILM FESTIVAL 2020., koji \u0107e se ove godine odr\u017eavati u Sarajevu i u jo\u0161 17 gradova Bosne i Hercegovine. Pozivamo sve [&hellip;]<\/p>\n","protected":false},"author":3,"featured_media":9407,"comment_status":"open","ping_status":"closed","sticky":false,"template":"","format":"standard","meta":{"footnotes":""},"categories":[16],"tags":[],"class_list":["post-9403","post","type-post","status-publish","format-standard","has-post-thumbnail","hentry","category-vijesti"],"_links":{"self":[{"href":"https:\/\/vivaba.com\/index.php?rest_route=\/wp\/v2\/posts\/9403","targetHints":{"allow":["GET"]}}],"collection":[{"href":"https:\/\/vivaba.com\/index.php?rest_route=\/wp\/v2\/posts"}],"about":[{"href":"https:\/\/vivaba.com\/index.php?rest_route=\/wp\/v2\/types\/post"}],"author":[{"embeddable":true,"href":"https:\/\/vivaba.com\/index.php?rest_route=\/wp\/v2\/users\/3"}],"replies":[{"embeddable":true,"href":"https:\/\/vivaba.com\/index.php?rest_route=%2Fwp%2Fv2%2Fcomments&post=9403"}],"version-history":[{"count":4,"href":"https:\/\/vivaba.com\/index.php?rest_route=\/wp\/v2\/posts\/9403\/revisions"}],"predecessor-version":[{"id":9430,"href":"https:\/\/vivaba.com\/index.php?rest_route=\/wp\/v2\/posts\/9403\/revisions\/9430"}],"wp:featuredmedia":[{"embeddable":true,"href":"https:\/\/vivaba.com\/index.php?rest_route=\/wp\/v2\/media\/9407"}],"wp:attachment":[{"href":"https:\/\/vivaba.com\/index.php?rest_route=%2Fwp%2Fv2%2Fmedia&parent=9403"}],"wp:term":[{"taxonomy":"category","embeddable":true,"href":"https:\/\/vivaba.com\/index.php?rest_route=%2Fwp%2Fv2%2Fcategories&post=9403"},{"taxonomy":"post_tag","embeddable":true,"href":"https:\/\/vivaba.com\/index.php?rest_route=%2Fwp%2Fv2%2Ftags&post=9403"}],"curies":[{"name":"wp","href":"https:\/\/api.w.org\/{rel}","templated":true}]}}