{"id":1576,"date":"2016-05-18T13:34:56","date_gmt":"2016-05-18T13:34:56","guid":{"rendered":"http:\/\/vivaba.com\/viva\/?p=1576"},"modified":"2018-01-23T08:36:24","modified_gmt":"2018-01-23T07:36:24","slug":"prva-press-konferencija-viva-film-festivala","status":"publish","type":"post","link":"https:\/\/vivaba.com\/?p=1576","title":{"rendered":"Prva Press konferencija 2. VIVA FILM FESTIVALA 2016."},"content":{"rendered":"<p><strong>VIVA Festival posve\u0107en osnovnim ljudskim vrijednostima<\/strong><\/p>\n<p style=\"text-align: left;\">Prva press konferencija ovogodi\u0161njeg izdanja VIVA film festival odr\u017eana je danas u Pozori\u0161tu mladih u Sarajevu.<\/p>\n<p style=\"text-align: left;\">Konferenciji su prisustvovali sponzori, pokrovitelji i po\u010dasni gosti Festivala, a javnosti su se obratili umjetni\u010dki direktor VIVA festival Ratko Orozovi\u0107, dramaturg i predava\u010d na VIVA radionicama D\u017eenan Medanovi\u0107. predstavnica Fonda za za\u0161titu okoli\u0161a FBiH Sanja Bosilj\u010di\u0107-Pandur, glavni urednik magazina Start i \u010dlan Savjeta festivala Dario Novali\u0107 i bh. klimatolog i \u010dlan Savjeta festivala \u017deljko Majstorovi\u0107.<\/p>\n<p style=\"text-align: left;\"><img fetchpriority=\"high\" decoding=\"async\" class=\"aligncenter wp-image-1577\" src=\"http:\/\/media.vivaba.com\/2016\/05\/P1050342.jpg\" alt=\"P1050342\" width=\"638\" height=\"359\" \/><\/p>\n<p style=\"text-align: left;\">VIVA festival je festival religijskog, ekolo\u0161kog, turisti\u010dkog i omladinskog dokumentarnog filma koji je prvi put odr\u017ean od 28. do 31.05. 2015. godine u tri festivalska grada \u2013 Sarajevu (Bosanski kulturni centar Sarajevo), Vare\u0161u (Stara crkva) i Kaknju (Dom kulture). Istovremeno su uprili\u010dene besplatne projekcije 99 filmova, po 33 iz kategorija religije, ekologije i turizma. Povod za organizaciju Festivala jesu pitanja iskonskih ljudskih vrijednosti, su\u017eivota i, u tom svjetlu, sve aktuelnija pitanja biolo\u0161kog opstanka na planeti.<\/p>\n<p style=\"text-align: left;\">\u201cVIVA film festival je nastao pro\u0161le godine i to prvo novoro\u0111en\u010de imalo je filmove iz 46 zemalja svijeta. Do\u0161lo nam je preko 400 filmova. Mislio sam da ne\u0107e biti dovoljno prijavljenih filmova na temu religije, ali desilo se to da je bilo mnogo filmova ba\u0161 na tu temu. Ekologija i turizam su teme koje su aktuelne i prisutne u cijelom svijetu. Odr\u017eali smo Festival prvi put pro\u0161le godine i on je trajao tri dana, a odr\u017eavao se u tri grada. Imali smo tri okrugla stola o religiji, turizmu i okoli\u0161u. U Savjetu Festivala je okupljena jedna jaka ekipa iz svijeta filma\u201d, kazao je umjetni\u010dki direktor Festivala Ratko Orozovi\u0107.<\/p>\n<p style=\"text-align: left;\">Drugi dio VIVA film festivala bile su radionice pod nazivom \u201cOd ideje do realizacije ekolo\u0161kog dokumentarnog filma\u201d.<\/p>\n<p style=\"text-align: left;\">\u201cRatko Orozovi\u0107, producent Goran Luki\u0107 i ja smo poku\u0161ali za dva dana napraviti ono \u0161to i sam naziv ka\u017ee \u201cOd ideje do realizacije ekolo\u0161kog dokumentarnog filma\u201d, upoznati mlade ljude sa filmom, a poslije do\u0107i do toga da neki po\u0161alju i svoje filmove na na\u0161 Festival. Ono \u0161to je meni bilo ineresantno jeste kada smo mi njih poku\u0161avali uputiti u samu izradu filma, ali su i oni nas u svemu tome nau\u010dili mnogo. Va\u017eno je da imamo \u0161to vi\u0161e ovakvih projekata, ne samo da se odrade nego da imaju smisla. Od 12 radionica koje smo imali u 12 gradova uspjeli smo dobili \u010detiri filma. \u010cetiri filma za po\u010detak su jako dobar rezultat, a sva \u010detiri se bave ekologijom\u201d, kazao je dramaturg i predava\u010d na VIVA radionicama D\u017eenan Medanovi\u0107.<\/p>\n<div id=\"attachment_1580\" style=\"width: 453px\" class=\"wp-caption aligncenter\"><img decoding=\"async\" aria-describedby=\"caption-attachment-1580\" class=\" wp-image-1580\" src=\"http:\/\/media.vivaba.com\/2016\/05\/P1050313.jpg\" alt=\"D\u017eenan Medanovi\u0107 - \u010dlan \u017eirija\" width=\"443\" height=\"537\" \/><p id=\"caption-attachment-1580\" class=\"wp-caption-text\">D\u017eenan Medanovi\u0107 &#8211; \u010dlan \u017eirija<\/p><\/div>\n<p style=\"text-align: left;\">Fond za za\u0161titu okoli\u0161a FBiH bio je sufinansijer VIVA film festivala 2015. godine i glavni pokrovitelj radionica namijenjenih u\u010denicima zavr\u0161nih razreda osnovnih \u0161kola i u\u010denicima srednjih \u0161kola. Rezultat tih radionica bi\u0107e vidljiv na ovom Festivalu jer je \u010dak \u0161est u\u010desnika dostavilo svoje video uratke koji \u0107e biti prikazani na Festivalu.<br \/>\n\u201cSvi prate\u0107i sadr\u017eaji kao i prikazivanje filmova na tematiku ekologije, religije i turizma svakako doprinose razvoju turizma u BiH kao jedne od zna\u010dajnih privrednih grana. Osim toga, na ovaj na\u010din promovi\u0161u se ljepote na\u0161e zemlje, pa smo poku\u0161ali prosje\u010dnom stanovni\u0161tvu ukazati na zna\u010daj okoli\u0161a i koju korist mo\u017eemo imati od razvoja turizma. Na\u0161a \u017eelja je da ovaj Festival preraste u jedan prepoznatljiv kulturni doga\u0111aj i da to prakti\u010dno postane brand na ovim prostorima\u201d, kazala je predstavnica Fonda za za\u0161titu okoli\u0161a FBiH Sanja Bosilj\u010di\u0107-Pandur.<\/p>\n<div id=\"attachment_1581\" style=\"width: 637px\" class=\"wp-caption aligncenter\"><img decoding=\"async\" aria-describedby=\"caption-attachment-1581\" class=\" wp-image-1581\" src=\"http:\/\/media.vivaba.com\/2016\/05\/P1050318.jpg\" alt=\"Sanja Bosilj\u010di\u0107 Pandur - Fond za za\u0161titu okoli\u0161a FBiH\" width=\"627\" height=\"418\" \/><p id=\"caption-attachment-1581\" class=\"wp-caption-text\">Sanja Bosilj\u010di\u0107 Pandur &#8211; Fond za za\u0161titu okoli\u0161a FBiH<\/p><\/div>\n<p style=\"text-align: left;\">AVTERA, najve\u0107i zastupnik i distributer najzna\u010dajnijih brendova iz oblasti video i foto, tehnike, kao i opreme za print i dizajn glavni je pokrovitelj omladinskih filmova napravljenih zahvaljuju\u0107i radionicama. AVTERA \u0107e dodijeliti nagrade za tri najbolja omladinska filma iz BiH, koji su nastali od strane mladih autora, kao rezultat VIVA filmskih radionica.<br \/>\nCilj VIVA film festivala je da \u0161to ve\u0107i broj u\u010denika iz mnogih bh. gradova bude uklju\u010den u radionice.<\/p>\n<div id=\"attachment_1587\" style=\"width: 394px\" class=\"wp-caption aligncenter\"><img loading=\"lazy\" decoding=\"async\" aria-describedby=\"caption-attachment-1587\" class=\" wp-image-1587\" src=\"http:\/\/media.vivaba.com\/2016\/05\/P1050314.jpg\" alt=\"Almedina Selimovi\u0107 - PR Festivala\" width=\"384\" height=\"521\" \/><p id=\"caption-attachment-1587\" class=\"wp-caption-text\">Almedina Selimovi\u0107 &#8211; PR Festivala<\/p><\/div>\n<p style=\"text-align: left;\">Sa ponosom najavljujemo da \u0107e se drugi po redu VIVA film festival odr\u017eati od 01.06. do 05.06.2016. godine. Centralna manifestacija bi\u0107e odr\u017eana u Sarajevu, a festivalske projekcije uporedo \u0107e se odr\u017eavati u Kaknju, Vare\u0161u, Sanskom Mostu, Ljubu\u0161kom, Mostaru, Lukavcu, Pura\u010di\u0107u.<br \/>\n\u201cMi se \u0161irimo, mi smo jedna najbolja umjetni\u010dka zaraza. Sad imamo vi\u0161e gradova nego \u0161to smo imali pro\u0161le godine, to je 6 gradova- festivalskih centara. Filmovi su do\u0161li iz preko 99 zemalja svijeta, preko 2000 filmova nam je pristiglo. \u017delimo da prerastemo u svjetski festival. Pored festivalskih projekcija u 6 gradova imamo I tri okrugla stola. Okrugli sto na temu industrija I ekologija odr\u017eat \u0107e se u Kaknju, a moderator \u0107e biti direktor Cementare Kakanj gdin Branimir Muid\u017ea. Drugi okrugli sto na temu filma i turizma odr\u017ea\u0107e se u Ljubu\u0161kom, tre\u0107i u Sarajevu na temu film i religija, a moderator \u0107e biti Predsjednik dru\u0161tva Jevreja \u201cLa Benevolencija\u201d i<br \/>\n\u010dlan religijskog Savjeta festivala Jakob Finci\u201d, kazao je Orozovi\u0107.<\/p>\n<p style=\"text-align: center;\"><img loading=\"lazy\" decoding=\"async\" class=\"wp-image-1582 alignleft\" src=\"http:\/\/media.vivaba.com\/2016\/05\/P1050370.jpg\" alt=\"P1050370\" width=\"638\" height=\"359\" \/><\/p>\n<p style=\"text-align: left;\">Ove godine u \u017eiriju ekolo\u0161kog i turisti\u010dkog filma su:<br \/>\n\u010dlan Savjeta festivala prof. dr. Tarik Kupusovi\u0107, bh klimatolog i \u010dlan Savjeta festivala \u017deljko Majstorovi\u0107, urednik filmskog programa KCNS \u0110or\u0111e Ka\u0107anski, stru\u010dnjak za kvalitetu zraka i klimatske promjene u Federalnom hidrometeorolo\u0161kom zavodu gospodin Martin Tais, glavni urednik magazina Start i \u010dlan Savjeta festivala Dario Novali\u0107, te ambasadorica Francuske i \u010dlanica Savjeta festivala Claire Bodonyi, umjetni\u010dki direktor Festivala gospodin Ratko Orozovi\u0107.<\/p>\n<p style=\"text-align: left;\">\u201cZadnjih petnaest dana u\u017eivam i imam problem jer treba odabrati najbolja tri filma iz oblasti ekologije i turizma. Svaki od filmova koje sam pregledao su nevjerovatni, govorim o ekolo\u0161kim i turisti\u010dkim filmovima \u010diji je cilj da poka\u017eu sve ljepotae BiH, ali i svijeta. Mnogi od njih su bolji od akcionih filmova koji nam se danas nude\u201d, kazao je glavni urednik magazina Start i \u010dlan Savjeta festivala Dario Novali\u0107.<\/p>\n<div id=\"attachment_1584\" style=\"width: 397px\" class=\"wp-caption aligncenter\"><img loading=\"lazy\" decoding=\"async\" aria-describedby=\"caption-attachment-1584\" class=\" wp-image-1584\" src=\"http:\/\/media.vivaba.com\/2016\/05\/P1050315.jpg\" alt=\"Dario Novali\u0107 - \u010dlan \u017eirija\" width=\"387\" height=\"465\" \/><p id=\"caption-attachment-1584\" class=\"wp-caption-text\">Dario Novali\u0107 &#8211; \u010dlan \u017eirija<\/p><\/div>\n<p style=\"text-align: left;\">\u201c\u010cinjenica je da pored ekonomskog i zabavnog karaktera koji ima ovaj Festival itekako je va\u017ean propagandni i edukativni katarkter Festivala. Takve teme zahtijevaju podr\u0161ku upravo zbog svoje va\u017enosti. Ljudi vrlo \u010desto rade kontra svom interesu. Po\u0111imo od nelegalne sje\u010de \u0161ume, da bi se gradili odre\u0111eni objekti itd, kazao je klimatolog i \u010dlan Savjeta festivala \u017deljko Majstorovi\u0107.<\/p>\n<div id=\"attachment_1583\" style=\"width: 407px\" class=\"wp-caption aligncenter\"><img loading=\"lazy\" decoding=\"async\" aria-describedby=\"caption-attachment-1583\" class=\" wp-image-1583\" src=\"http:\/\/media.vivaba.com\/2016\/05\/P1050316.jpg\" alt=\"\u017deljko Majstorovi\u0107 - \u010dlan \u017eirija\" width=\"397\" height=\"430\" \/><p id=\"caption-attachment-1583\" class=\"wp-caption-text\">\u017deljko Majstorovi\u0107 &#8211; \u010dlan \u017eirija<\/p><\/div>\n<p style=\"text-align: left;\">\u010clanovi \u017eirija religijskog filma su:<br \/>\nPredsjednik dru\u0161tva Jevreja \u201cLa Benevolencija\u201d i<br \/>\n\u010dlan religijskog Savjeta Festivala Jakob Finci, predsjednik BZK \u201cPreporod\u201d i \u010dlan religijskog Savjeta Festivala prof. dr. Senadin Lavi\u0107, politolog gospodin fra Marko Or\u0161oli\u0107, Paroh sarajevski Otac Vanja Jovanovi\u0107, umjetni\u010dki direktor Festivala gospodin Ratko Orozovi\u0107<\/p>\n<p style=\"text-align: left;\">\u010clanovi \u017eirija omladinskog filma su :<br \/>\nAta\u0161e za kulturu i turizam Ambasade Republike Turske i \u010dlan Savjeta Festivala Soner Sahin, reditelj i \u010dlan Savjeta Festivala gdin Julio Moreno, reditelj iz Barcelone i<br \/>\n\u010dlan savjeta Festivala D\u017eenan Medanovi\u0107, umjetni\u010dki direktor Festivala gospodin Ratko Orozovi\u0107.<\/p>\n<p style=\"text-align: left;\"><img loading=\"lazy\" decoding=\"async\" class=\"aligncenter wp-image-1578\" src=\"http:\/\/media.vivaba.com\/2016\/05\/P1050309.jpg\" alt=\"P1050309\" width=\"654\" height=\"404\" \/><br \/>\nI ove godine kao i prethodne, po\u010dasni pokrovitelj VIVA film festivala je Grad Sarajevo.<br \/>\nNagla\u0161avamo da VIVA festival ima podr\u0161ku sve \u010detiri religijske zajednice u BiH, a po\u010dasni predsjednik Savjeta festivala je visoki predstavnik za BiH gospodin Valentin Inzko.<\/p>\n<p><iframe width=\"1140\" height=\"641\" src=\"https:\/\/www.youtube.com\/embed\/UiAdkm1wAbw?feature=oembed\" frameborder=\"0\" allowfullscreen><\/iframe><\/p>\n<p><iframe width=\"1140\" height=\"641\" src=\"https:\/\/www.youtube.com\/embed\/O0qkELQsjrQ?feature=oembed\" frameborder=\"0\" allowfullscreen><\/iframe><\/p>\n","protected":false},"excerpt":{"rendered":"<p>VIVA Festival posve\u0107en osnovnim ljudskim vrijednostima Prva press konferencija ovogodi\u0161njeg izdanja VIVA film festival odr\u017eana je danas u Pozori\u0161tu mladih u Sarajevu. Konferenciji su prisustvovali sponzori, pokrovitelji i po\u010dasni gosti Festivala, a javnosti su se obratili umjetni\u010dki direktor VIVA festival Ratko Orozovi\u0107, dramaturg i predava\u010d na VIVA radionicama D\u017eenan Medanovi\u0107. predstavnica Fonda za za\u0161titu okoli\u0161a [&hellip;]<\/p>\n","protected":false},"author":3,"featured_media":2551,"comment_status":"open","ping_status":"open","sticky":false,"template":"","format":"standard","meta":{"footnotes":""},"categories":[72,16],"tags":[],"class_list":["post-1576","post","type-post","status-publish","format-standard","has-post-thumbnail","hentry","category-news-en","category-vijesti"],"_links":{"self":[{"href":"https:\/\/vivaba.com\/index.php?rest_route=\/wp\/v2\/posts\/1576","targetHints":{"allow":["GET"]}}],"collection":[{"href":"https:\/\/vivaba.com\/index.php?rest_route=\/wp\/v2\/posts"}],"about":[{"href":"https:\/\/vivaba.com\/index.php?rest_route=\/wp\/v2\/types\/post"}],"author":[{"embeddable":true,"href":"https:\/\/vivaba.com\/index.php?rest_route=\/wp\/v2\/users\/3"}],"replies":[{"embeddable":true,"href":"https:\/\/vivaba.com\/index.php?rest_route=%2Fwp%2Fv2%2Fcomments&post=1576"}],"version-history":[{"count":1,"href":"https:\/\/vivaba.com\/index.php?rest_route=\/wp\/v2\/posts\/1576\/revisions"}],"predecessor-version":[{"id":2574,"href":"https:\/\/vivaba.com\/index.php?rest_route=\/wp\/v2\/posts\/1576\/revisions\/2574"}],"wp:featuredmedia":[{"embeddable":true,"href":"https:\/\/vivaba.com\/index.php?rest_route=\/wp\/v2\/media\/2551"}],"wp:attachment":[{"href":"https:\/\/vivaba.com\/index.php?rest_route=%2Fwp%2Fv2%2Fmedia&parent=1576"}],"wp:term":[{"taxonomy":"category","embeddable":true,"href":"https:\/\/vivaba.com\/index.php?rest_route=%2Fwp%2Fv2%2Fcategories&post=1576"},{"taxonomy":"post_tag","embeddable":true,"href":"https:\/\/vivaba.com\/index.php?rest_route=%2Fwp%2Fv2%2Ftags&post=1576"}],"curies":[{"name":"wp","href":"https:\/\/api.w.org\/{rel}","templated":true}]}}